{"id":59082,"date":"2021-12-01T11:30:00","date_gmt":"2021-12-01T11:30:00","guid":{"rendered":"https:\/\/www.ceespv.org\/sesion-de-la-comision-de-etica-y-deontologia-del-29-de-noviembre-de-2021\/"},"modified":"2022-07-13T09:16:45","modified_gmt":"2022-07-13T09:16:45","slug":"sesion-de-la-comision-de-etica-y-deontologia-del-29-de-noviembre-de-2021","status":"publish","type":"post","link":"https:\/\/www.ceespv.org\/eu\/sesion-de-la-comision-de-etica-y-deontologia-del-29-de-noviembre-de-2021\/","title":{"rendered":"Sesi\u00f3n de la Comisi\u00f3n de \u00c9tica y Deontolog\u00eda del 29 de noviembre de 2021"},"content":{"rendered":"\n<p>En la \u00faltima reuni\u00f3n de la comisi\u00f3n celebrada el 29 de noviembre se repasaron los temas en los que se est\u00e1 trabajando. As\u00ed, se abordaron los siguientes:<\/p>\n\n<ul class=\"wp-block-list\"><li>Evaluaci\u00f3n del encuentro con el alumnado de la Universidad del Pa\u00eds Vasco, celebrado el 22 de noviembre.<\/li><li>Reuni\u00f3n con el Colegio Profesional de Educadoras y Educadores Sociales de Islas Baleares. En la misma se acord\u00f3 un encuentro con el alumnado y profesionales de la Educaci\u00f3n Social con el objetivo de promocionar el c\u00f3digo deontol\u00f3gico y la propia comisi\u00f3n de \u00e9tica y deontolog\u00eda del Colegio. Se llevar\u00e1 a cabo el 15 de diciembre.<\/li><li>Se sigue trabajando en el Seminario de formaci\u00f3n que sobre la \u201cPerspectiva feminista en las intervenciones socio-educativas\u201d, se celebrar\u00e1 en el mes de febrero de 2022.<\/li><li>Tambi\u00e9n, se habl\u00f3 sobre la formaci\u00f3n dirigida a los docentes del Grado de Educaci\u00f3n Social que se organizar\u00e1 para el primer trimestre de 2022.<\/li><li>Por \u00faltimo, se inform\u00f3 de la situaci\u00f3n y de los trabajos que se est\u00e1n desarrollando en el Comit\u00e9 de \u00c9tica y Deontolog\u00eda del Consejo de Colegios. <br\/>Entre otras cosas se prev\u00e9 que la parte del Congreso sobre la cuesti\u00f3n de la \u00e9tica profesional se celebre en Madrid en la primavera de 2022.<\/li><\/ul>\n<div data-wp-interactive=\"core\/file\" class=\"wp-block-file\"><object data-wp-bind--hidden=\"!state.hasPdfPreview\" hidden class=\"wp-block-file__embed\" data=\"https:\/\/www.ceespv.org\/wp-content\/uploads\/2022\/02\/Nota_CDeontologica_2021_11_29.pdf\" type=\"application\/pdf\" style=\"width:100%;height:600px\" aria-label=\"Embed of Incrustado de Nota_CDeontologica_2021_11_29..\"><\/object><a id=\"wp-block-file--media-e7ab0d7e-cced-4095-a2bf-c0ccb11507bd\" href=\"https:\/\/www.ceespv.org\/wp-content\/uploads\/2022\/02\/Nota_CDeontologica_2021_11_29.pdf\">Nota_CDeontologica_2021_11_29<\/a><a href=\"https:\/\/www.ceespv.org\/wp-content\/uploads\/2022\/02\/Nota_CDeontologica_2021_11_29.pdf\" class=\"wp-block-file__button\" download=\"\" aria-describedby=\"wp-block-file--media-e7ab0d7e-cced-4095-a2bf-c0ccb11507bd\">Descarga<\/a><\/div>\n","protected":false},"excerpt":{"rendered":"<p>En la \u00faltima reuni\u00f3n de la comisi\u00f3n celebrada el 29 de noviembre se repasaron los temas en los que se est\u00e1 trabajando. As\u00ed, se abordaron los siguientes:<\/p>\n","protected":false},"author":4,"featured_media":59080,"comment_status":"closed","ping_status":"open","sticky":false,"template":"","format":"standard","meta":{"_monsterinsights_skip_tracking":false,"_monsterinsights_sitenote_active":false,"_monsterinsights_sitenote_note":"","_monsterinsights_sitenote_category":0,"footnotes":""},"categories":[229,206],"tags":[],"class_list":["post-59082","post","type-post","status-publish","format-standard","has-post-thumbnail","hentry","category-deontologia-batzordea","category-gizaberri-buletina","category-229","category-206","description-off"],"yoast_head":"<!-- This site is optimized with the Yoast SEO plugin v27.5 - https:\/\/yoast.com\/product\/yoast-seo-wordpress\/ -->\n<title>Sesi\u00f3n de la Comisi\u00f3n de \u00c9tica y Deontolog\u00eda del 29 de noviembre de 2021 - CEESPV-GHEE<\/title>\n<meta name=\"description\" content=\"%\" \/>\n<meta name=\"robots\" content=\"index, follow, max-snippet:-1, max-image-preview:large, max-video-preview:-1\" \/>\n<link rel=\"canonical\" href=\"https:\/\/www.ceespv.org\/eu\/sesion-de-la-comision-de-etica-y-deontologia-del-29-de-noviembre-de-2021\/\" \/>\n<meta property=\"og:locale\" content=\"eu_ES\" \/>\n<meta property=\"og:type\" content=\"article\" \/>\n<meta property=\"og:title\" content=\"Sesi\u00f3n de la Comisi\u00f3n de \u00c9tica y Deontolog\u00eda del 29 de noviembre de 2021 - CEESPV-GHEE\" \/>\n<meta property=\"og:description\" content=\"%\" \/>\n<meta property=\"og:url\" content=\"https:\/\/www.ceespv.org\/eu\/sesion-de-la-comision-de-etica-y-deontologia-del-29-de-noviembre-de-2021\/\" \/>\n<meta property=\"og:site_name\" content=\"CEESPV-GHEE\" \/>\n<meta property=\"article:publisher\" content=\"https:\/\/www.facebook.com\/CEESPV\" \/>\n<meta property=\"article:published_time\" content=\"2021-12-01T11:30:00+00:00\" \/>\n<meta property=\"article:modified_time\" content=\"2022-07-13T09:16:45+00:00\" \/>\n<meta property=\"og:image\" content=\"https:\/\/www.ceespv.org\/wp-content\/uploads\/2022\/02\/Foto_CDeontologica_2021_10_26.jpg\" \/>\n\t<meta property=\"og:image:width\" content=\"1754\" \/>\n\t<meta property=\"og:image:height\" content=\"983\" \/>\n\t<meta property=\"og:image:type\" content=\"image\/jpeg\" \/>\n<meta name=\"author\" content=\"GHEE-CEESPV\" \/>\n<meta name=\"twitter:card\" content=\"summary_large_image\" \/>\n<meta name=\"twitter:creator\" content=\"@CEESPV\" \/>\n<meta name=\"twitter:site\" content=\"@CEESPV\" \/>\n<meta name=\"twitter:label1\" content=\"Written by\" \/>\n\t<meta name=\"twitter:data1\" content=\"GHEE-CEESPV\" \/>\n\t<meta name=\"twitter:label2\" content=\"Est. reading time\" \/>\n\t<meta name=\"twitter:data2\" content=\"1 minute\" \/>\n<script type=\"application\/ld+json\" class=\"yoast-schema-graph\">{\"@context\":\"https:\\\/\\\/schema.org\",\"@graph\":[{\"@type\":\"Article\",\"@id\":\"https:\\\/\\\/www.ceespv.org\\\/eu\\\/sesion-de-la-comision-de-etica-y-deontologia-del-29-de-noviembre-de-2021\\\/#article\",\"isPartOf\":{\"@id\":\"https:\\\/\\\/www.ceespv.org\\\/eu\\\/sesion-de-la-comision-de-etica-y-deontologia-del-29-de-noviembre-de-2021\\\/\"},\"author\":{\"name\":\"GHEE-CEESPV\",\"@id\":\"https:\\\/\\\/www.ceespv.org\\\/eu\\\/#\\\/schema\\\/person\\\/9d6f094eb76a5692b6cfb4f508e92151\"},\"headline\":\"Sesi\u00f3n de la Comisi\u00f3n de \u00c9tica y Deontolog\u00eda del 29 de noviembre de 2021\",\"datePublished\":\"2021-12-01T11:30:00+00:00\",\"dateModified\":\"2022-07-13T09:16:45+00:00\",\"mainEntityOfPage\":{\"@id\":\"https:\\\/\\\/www.ceespv.org\\\/eu\\\/sesion-de-la-comision-de-etica-y-deontologia-del-29-de-noviembre-de-2021\\\/\"},\"wordCount\":231,\"publisher\":{\"@id\":\"https:\\\/\\\/www.ceespv.org\\\/eu\\\/#organization\"},\"image\":{\"@id\":\"https:\\\/\\\/www.ceespv.org\\\/eu\\\/sesion-de-la-comision-de-etica-y-deontologia-del-29-de-noviembre-de-2021\\\/#primaryimage\"},\"thumbnailUrl\":\"https:\\\/\\\/www.ceespv.org\\\/wp-content\\\/uploads\\\/2022\\\/02\\\/Foto_CDeontologica_2021_10_26.jpg\",\"articleSection\":[\"Deontologia Batzordea\",\"GIZABERRI BULETINA\"],\"inLanguage\":\"eu-ES\"},{\"@type\":\"WebPage\",\"@id\":\"https:\\\/\\\/www.ceespv.org\\\/eu\\\/sesion-de-la-comision-de-etica-y-deontologia-del-29-de-noviembre-de-2021\\\/\",\"url\":\"https:\\\/\\\/www.ceespv.org\\\/eu\\\/sesion-de-la-comision-de-etica-y-deontologia-del-29-de-noviembre-de-2021\\\/\",\"name\":\"Sesi\u00f3n de la Comisi\u00f3n de \u00c9tica y Deontolog\u00eda del 29 de noviembre de 2021 - CEESPV-GHEE\",\"isPartOf\":{\"@id\":\"https:\\\/\\\/www.ceespv.org\\\/eu\\\/#website\"},\"primaryImageOfPage\":{\"@id\":\"https:\\\/\\\/www.ceespv.org\\\/eu\\\/sesion-de-la-comision-de-etica-y-deontologia-del-29-de-noviembre-de-2021\\\/#primaryimage\"},\"image\":{\"@id\":\"https:\\\/\\\/www.ceespv.org\\\/eu\\\/sesion-de-la-comision-de-etica-y-deontologia-del-29-de-noviembre-de-2021\\\/#primaryimage\"},\"thumbnailUrl\":\"https:\\\/\\\/www.ceespv.org\\\/wp-content\\\/uploads\\\/2022\\\/02\\\/Foto_CDeontologica_2021_10_26.jpg\",\"datePublished\":\"2021-12-01T11:30:00+00:00\",\"dateModified\":\"2022-07-13T09:16:45+00:00\",\"description\":\"%\",\"breadcrumb\":{\"@id\":\"https:\\\/\\\/www.ceespv.org\\\/eu\\\/sesion-de-la-comision-de-etica-y-deontologia-del-29-de-noviembre-de-2021\\\/#breadcrumb\"},\"inLanguage\":\"eu-ES\",\"potentialAction\":[{\"@type\":\"ReadAction\",\"target\":[\"https:\\\/\\\/www.ceespv.org\\\/eu\\\/sesion-de-la-comision-de-etica-y-deontologia-del-29-de-noviembre-de-2021\\\/\"]}]},{\"@type\":\"ImageObject\",\"inLanguage\":\"eu-ES\",\"@id\":\"https:\\\/\\\/www.ceespv.org\\\/eu\\\/sesion-de-la-comision-de-etica-y-deontologia-del-29-de-noviembre-de-2021\\\/#primaryimage\",\"url\":\"https:\\\/\\\/www.ceespv.org\\\/wp-content\\\/uploads\\\/2022\\\/02\\\/Foto_CDeontologica_2021_10_26.jpg\",\"contentUrl\":\"https:\\\/\\\/www.ceespv.org\\\/wp-content\\\/uploads\\\/2022\\\/02\\\/Foto_CDeontologica_2021_10_26.jpg\",\"width\":1754,\"height\":983,\"caption\":\"Foto_CDeontologica_2021_10_26\"},{\"@type\":\"BreadcrumbList\",\"@id\":\"https:\\\/\\\/www.ceespv.org\\\/eu\\\/sesion-de-la-comision-de-etica-y-deontologia-del-29-de-noviembre-de-2021\\\/#breadcrumb\",\"itemListElement\":[{\"@type\":\"ListItem\",\"position\":1,\"name\":\"Portada\",\"item\":\"https:\\\/\\\/www.ceespv.org\\\/eu\\\/portada\\\/\"},{\"@type\":\"ListItem\",\"position\":2,\"name\":\"Sesi\u00f3n de la Comisi\u00f3n de \u00c9tica y Deontolog\u00eda del 29 de noviembre de 2021\"}]},{\"@type\":\"WebSite\",\"@id\":\"https:\\\/\\\/www.ceespv.org\\\/eu\\\/#website\",\"url\":\"https:\\\/\\\/www.ceespv.org\\\/eu\\\/\",\"name\":\"CEESPV-GHEE\",\"description\":\"Colegio de Educadoras y Educadores Sociales del Pa\u00eds Vasco\",\"publisher\":{\"@id\":\"https:\\\/\\\/www.ceespv.org\\\/eu\\\/#organization\"},\"potentialAction\":[{\"@type\":\"SearchAction\",\"target\":{\"@type\":\"EntryPoint\",\"urlTemplate\":\"https:\\\/\\\/www.ceespv.org\\\/eu\\\/?s={search_term_string}\"},\"query-input\":{\"@type\":\"PropertyValueSpecification\",\"valueRequired\":true,\"valueName\":\"search_term_string\"}}],\"inLanguage\":\"eu-ES\"},{\"@type\":\"Organization\",\"@id\":\"https:\\\/\\\/www.ceespv.org\\\/eu\\\/#organization\",\"name\":\"GHEE-CEESPV\",\"url\":\"https:\\\/\\\/www.ceespv.org\\\/eu\\\/\",\"logo\":{\"@type\":\"ImageObject\",\"inLanguage\":\"eu-ES\",\"@id\":\"https:\\\/\\\/www.ceespv.org\\\/eu\\\/#\\\/schema\\\/logo\\\/image\\\/\",\"url\":\"https:\\\/\\\/www.ceespv.org\\\/wp-content\\\/uploads\\\/2021\\\/04\\\/logo_ceespv-ghee.png\",\"contentUrl\":\"https:\\\/\\\/www.ceespv.org\\\/wp-content\\\/uploads\\\/2021\\\/04\\\/logo_ceespv-ghee.png\",\"width\":522,\"height\":160,\"caption\":\"GHEE-CEESPV\"},\"image\":{\"@id\":\"https:\\\/\\\/www.ceespv.org\\\/eu\\\/#\\\/schema\\\/logo\\\/image\\\/\"},\"sameAs\":[\"https:\\\/\\\/www.facebook.com\\\/CEESPV\",\"https:\\\/\\\/x.com\\\/CEESPV\",\"https:\\\/\\\/www.instagram.com\\\/ghee_ceespv\\\/\",\"https:\\\/\\\/www.youtube.com\\\/channel\\\/UCPdxK0kwNNyzQio_KmAygaA\"]},{\"@type\":\"Person\",\"@id\":\"https:\\\/\\\/www.ceespv.org\\\/eu\\\/#\\\/schema\\\/person\\\/9d6f094eb76a5692b6cfb4f508e92151\",\"name\":\"GHEE-CEESPV\",\"image\":{\"@type\":\"ImageObject\",\"inLanguage\":\"eu-ES\",\"@id\":\"https:\\\/\\\/secure.gravatar.com\\\/avatar\\\/d4cf7750c5f38e94f0b4db57b642ba04b1a651335d6acec20eba35dc4597e729?s=96&d=mm&r=g\",\"url\":\"https:\\\/\\\/secure.gravatar.com\\\/avatar\\\/d4cf7750c5f38e94f0b4db57b642ba04b1a651335d6acec20eba35dc4597e729?s=96&d=mm&r=g\",\"contentUrl\":\"https:\\\/\\\/secure.gravatar.com\\\/avatar\\\/d4cf7750c5f38e94f0b4db57b642ba04b1a651335d6acec20eba35dc4597e729?s=96&d=mm&r=g\",\"caption\":\"GHEE-CEESPV\"},\"sameAs\":[\"https:\\\/\\\/ceespv.org\"]}]}<\/script>\n<!-- \/ Yoast SEO plugin. -->","yoast_head_json":{"title":"Sesi\u00f3n de la Comisi\u00f3n de \u00c9tica y Deontolog\u00eda del 29 de noviembre de 2021 - CEESPV-GHEE","description":"%","robots":{"index":"index","follow":"follow","max-snippet":"max-snippet:-1","max-image-preview":"max-image-preview:large","max-video-preview":"max-video-preview:-1"},"canonical":"https:\/\/www.ceespv.org\/eu\/sesion-de-la-comision-de-etica-y-deontologia-del-29-de-noviembre-de-2021\/","og_locale":"eu_ES","og_type":"article","og_title":"Sesi\u00f3n de la Comisi\u00f3n de \u00c9tica y Deontolog\u00eda del 29 de noviembre de 2021 - CEESPV-GHEE","og_description":"%","og_url":"https:\/\/www.ceespv.org\/eu\/sesion-de-la-comision-de-etica-y-deontologia-del-29-de-noviembre-de-2021\/","og_site_name":"CEESPV-GHEE","article_publisher":"https:\/\/www.facebook.com\/CEESPV","article_published_time":"2021-12-01T11:30:00+00:00","article_modified_time":"2022-07-13T09:16:45+00:00","og_image":[{"width":1754,"height":983,"url":"https:\/\/www.ceespv.org\/wp-content\/uploads\/2022\/02\/Foto_CDeontologica_2021_10_26.jpg","type":"image\/jpeg"}],"author":"GHEE-CEESPV","twitter_card":"summary_large_image","twitter_creator":"@CEESPV","twitter_site":"@CEESPV","twitter_misc":{"Written by":"GHEE-CEESPV","Est. reading time":"1 minute"},"schema":{"@context":"https:\/\/schema.org","@graph":[{"@type":"Article","@id":"https:\/\/www.ceespv.org\/eu\/sesion-de-la-comision-de-etica-y-deontologia-del-29-de-noviembre-de-2021\/#article","isPartOf":{"@id":"https:\/\/www.ceespv.org\/eu\/sesion-de-la-comision-de-etica-y-deontologia-del-29-de-noviembre-de-2021\/"},"author":{"name":"GHEE-CEESPV","@id":"https:\/\/www.ceespv.org\/eu\/#\/schema\/person\/9d6f094eb76a5692b6cfb4f508e92151"},"headline":"Sesi\u00f3n de la Comisi\u00f3n de \u00c9tica y Deontolog\u00eda del 29 de noviembre de 2021","datePublished":"2021-12-01T11:30:00+00:00","dateModified":"2022-07-13T09:16:45+00:00","mainEntityOfPage":{"@id":"https:\/\/www.ceespv.org\/eu\/sesion-de-la-comision-de-etica-y-deontologia-del-29-de-noviembre-de-2021\/"},"wordCount":231,"publisher":{"@id":"https:\/\/www.ceespv.org\/eu\/#organization"},"image":{"@id":"https:\/\/www.ceespv.org\/eu\/sesion-de-la-comision-de-etica-y-deontologia-del-29-de-noviembre-de-2021\/#primaryimage"},"thumbnailUrl":"https:\/\/www.ceespv.org\/wp-content\/uploads\/2022\/02\/Foto_CDeontologica_2021_10_26.jpg","articleSection":["Deontologia Batzordea","GIZABERRI BULETINA"],"inLanguage":"eu-ES"},{"@type":"WebPage","@id":"https:\/\/www.ceespv.org\/eu\/sesion-de-la-comision-de-etica-y-deontologia-del-29-de-noviembre-de-2021\/","url":"https:\/\/www.ceespv.org\/eu\/sesion-de-la-comision-de-etica-y-deontologia-del-29-de-noviembre-de-2021\/","name":"Sesi\u00f3n de la Comisi\u00f3n de \u00c9tica y Deontolog\u00eda del 29 de noviembre de 2021 - CEESPV-GHEE","isPartOf":{"@id":"https:\/\/www.ceespv.org\/eu\/#website"},"primaryImageOfPage":{"@id":"https:\/\/www.ceespv.org\/eu\/sesion-de-la-comision-de-etica-y-deontologia-del-29-de-noviembre-de-2021\/#primaryimage"},"image":{"@id":"https:\/\/www.ceespv.org\/eu\/sesion-de-la-comision-de-etica-y-deontologia-del-29-de-noviembre-de-2021\/#primaryimage"},"thumbnailUrl":"https:\/\/www.ceespv.org\/wp-content\/uploads\/2022\/02\/Foto_CDeontologica_2021_10_26.jpg","datePublished":"2021-12-01T11:30:00+00:00","dateModified":"2022-07-13T09:16:45+00:00","description":"%","breadcrumb":{"@id":"https:\/\/www.ceespv.org\/eu\/sesion-de-la-comision-de-etica-y-deontologia-del-29-de-noviembre-de-2021\/#breadcrumb"},"inLanguage":"eu-ES","potentialAction":[{"@type":"ReadAction","target":["https:\/\/www.ceespv.org\/eu\/sesion-de-la-comision-de-etica-y-deontologia-del-29-de-noviembre-de-2021\/"]}]},{"@type":"ImageObject","inLanguage":"eu-ES","@id":"https:\/\/www.ceespv.org\/eu\/sesion-de-la-comision-de-etica-y-deontologia-del-29-de-noviembre-de-2021\/#primaryimage","url":"https:\/\/www.ceespv.org\/wp-content\/uploads\/2022\/02\/Foto_CDeontologica_2021_10_26.jpg","contentUrl":"https:\/\/www.ceespv.org\/wp-content\/uploads\/2022\/02\/Foto_CDeontologica_2021_10_26.jpg","width":1754,"height":983,"caption":"Foto_CDeontologica_2021_10_26"},{"@type":"BreadcrumbList","@id":"https:\/\/www.ceespv.org\/eu\/sesion-de-la-comision-de-etica-y-deontologia-del-29-de-noviembre-de-2021\/#breadcrumb","itemListElement":[{"@type":"ListItem","position":1,"name":"Portada","item":"https:\/\/www.ceespv.org\/eu\/portada\/"},{"@type":"ListItem","position":2,"name":"Sesi\u00f3n de la Comisi\u00f3n de \u00c9tica y Deontolog\u00eda del 29 de noviembre de 2021"}]},{"@type":"WebSite","@id":"https:\/\/www.ceespv.org\/eu\/#website","url":"https:\/\/www.ceespv.org\/eu\/","name":"CEESPV-GHEE","description":"Colegio de Educadoras y Educadores Sociales del Pa\u00eds Vasco","publisher":{"@id":"https:\/\/www.ceespv.org\/eu\/#organization"},"potentialAction":[{"@type":"SearchAction","target":{"@type":"EntryPoint","urlTemplate":"https:\/\/www.ceespv.org\/eu\/?s={search_term_string}"},"query-input":{"@type":"PropertyValueSpecification","valueRequired":true,"valueName":"search_term_string"}}],"inLanguage":"eu-ES"},{"@type":"Organization","@id":"https:\/\/www.ceespv.org\/eu\/#organization","name":"GHEE-CEESPV","url":"https:\/\/www.ceespv.org\/eu\/","logo":{"@type":"ImageObject","inLanguage":"eu-ES","@id":"https:\/\/www.ceespv.org\/eu\/#\/schema\/logo\/image\/","url":"https:\/\/www.ceespv.org\/wp-content\/uploads\/2021\/04\/logo_ceespv-ghee.png","contentUrl":"https:\/\/www.ceespv.org\/wp-content\/uploads\/2021\/04\/logo_ceespv-ghee.png","width":522,"height":160,"caption":"GHEE-CEESPV"},"image":{"@id":"https:\/\/www.ceespv.org\/eu\/#\/schema\/logo\/image\/"},"sameAs":["https:\/\/www.facebook.com\/CEESPV","https:\/\/x.com\/CEESPV","https:\/\/www.instagram.com\/ghee_ceespv\/","https:\/\/www.youtube.com\/channel\/UCPdxK0kwNNyzQio_KmAygaA"]},{"@type":"Person","@id":"https:\/\/www.ceespv.org\/eu\/#\/schema\/person\/9d6f094eb76a5692b6cfb4f508e92151","name":"GHEE-CEESPV","image":{"@type":"ImageObject","inLanguage":"eu-ES","@id":"https:\/\/secure.gravatar.com\/avatar\/d4cf7750c5f38e94f0b4db57b642ba04b1a651335d6acec20eba35dc4597e729?s=96&d=mm&r=g","url":"https:\/\/secure.gravatar.com\/avatar\/d4cf7750c5f38e94f0b4db57b642ba04b1a651335d6acec20eba35dc4597e729?s=96&d=mm&r=g","contentUrl":"https:\/\/secure.gravatar.com\/avatar\/d4cf7750c5f38e94f0b4db57b642ba04b1a651335d6acec20eba35dc4597e729?s=96&d=mm&r=g","caption":"GHEE-CEESPV"},"sameAs":["https:\/\/ceespv.org"]}]}},"publishpress_future_action":{"enabled":false,"date":"2026-05-09 02:01:19","action":"change-status","newStatus":"draft","terms":[],"taxonomy":"category","extraData":[]},"publishpress_future_workflow_manual_trigger":{"enabledWorkflows":[]},"post_mailing_queue_ids":[],"_links":{"self":[{"href":"https:\/\/www.ceespv.org\/eu\/wp-json\/wp\/v2\/posts\/59082","targetHints":{"allow":["GET"]}}],"collection":[{"href":"https:\/\/www.ceespv.org\/eu\/wp-json\/wp\/v2\/posts"}],"about":[{"href":"https:\/\/www.ceespv.org\/eu\/wp-json\/wp\/v2\/types\/post"}],"author":[{"embeddable":true,"href":"https:\/\/www.ceespv.org\/eu\/wp-json\/wp\/v2\/users\/4"}],"replies":[{"embeddable":true,"href":"https:\/\/www.ceespv.org\/eu\/wp-json\/wp\/v2\/comments?post=59082"}],"version-history":[{"count":1,"href":"https:\/\/www.ceespv.org\/eu\/wp-json\/wp\/v2\/posts\/59082\/revisions"}],"predecessor-version":[{"id":59904,"href":"https:\/\/www.ceespv.org\/eu\/wp-json\/wp\/v2\/posts\/59082\/revisions\/59904"}],"wp:featuredmedia":[{"embeddable":true,"href":"https:\/\/www.ceespv.org\/eu\/wp-json\/wp\/v2\/media\/59080"}],"wp:attachment":[{"href":"https:\/\/www.ceespv.org\/eu\/wp-json\/wp\/v2\/media?parent=59082"}],"wp:term":[{"taxonomy":"category","embeddable":true,"href":"https:\/\/www.ceespv.org\/eu\/wp-json\/wp\/v2\/categories?post=59082"},{"taxonomy":"post_tag","embeddable":true,"href":"https:\/\/www.ceespv.org\/eu\/wp-json\/wp\/v2\/tags?post=59082"}],"curies":[{"name":"wp","href":"https:\/\/api.w.org\/{rel}","templated":true}]}}